[{"@context":"https:\/\/schema.org\/","@type":"Article","@id":"https:\/\/www.regenera.cz\/virivka\/#Article","mainEntityOfPage":"https:\/\/www.regenera.cz\/virivka\/","headline":"V\u00ed\u0159ivka","name":"V\u00ed\u0159ivka","description":"Nem\u00e1te dostatek m\u00edsta v interi\u00e9ru ani exteri\u00e9ru, a p\u0159esto se nechcete vzd\u00e1t p\u0159edstavy dom\u00e1c\u00ed v\u00ed\u0159ivka? M\u00e1me pro v\u00e1s zaj\u00edmavou nab\u00eddku r\u016fzn\u00fdch v\u00ed\u0159iv\u00fdch van, i t\u011bch","datePublished":"2024-12-25","dateModified":"2024-12-25","author":{"@type":"Person","@id":"https:\/\/www.regenera.cz\/author\/#Person","name":"","url":"https:\/\/www.regenera.cz\/author\/","identifier":1,"image":{"@type":"ImageObject","@id":"https:\/\/secure.gravatar.com\/avatar\/93f351f97d5e20a41105810347d62b8b573eebe9313df1f71432877ed17f5f1a?s=96&d=mm&r=g","url":"https:\/\/secure.gravatar.com\/avatar\/93f351f97d5e20a41105810347d62b8b573eebe9313df1f71432877ed17f5f1a?s=96&d=mm&r=g","height":96,"width":96}},"publisher":{"@type":"Organization","name":"regenera.cz","logo":{"@type":"ImageObject","@id":"\/logo.png","url":"\/logo.png","width":600,"height":60}},"url":"https:\/\/www.regenera.cz\/virivka\/","wordCount":177,"articleBody":"Nem\u00e1te dostatek m\u00edsta v interi\u00e9ru ani exteri\u00e9ru, a p\u0159esto se nechcete vzd\u00e1t p\u0159edstavy dom\u00e1c\u00ed v\u00ed\u0159ivka? M\u00e1me pro v\u00e1s zaj\u00edmavou nab\u00eddku r\u016fzn\u00fdch v\u00ed\u0159iv\u00fdch van, i t\u011bch velice prostorov\u011b \u00fasporn\u00fdch a zaj\u00edmav\u011b \u0159e\u0161en\u00fdch. U n\u00e1s naleznete model t\u00e9m\u011b\u0159 do jak\u00e9hokoliv prostoru.Nab\u00edz\u00edme v\u00e1m nap\u0159\u00edklad drobnou a prostorov\u011b \u00faspornou v\u00ed\u0159ivka, kter\u00e1 se d\u00edky sv\u00fdm sympatick\u00fdm rozm\u011br\u016fm vejde t\u00e9m\u011b\u0159 kamkoliv. A p\u0159itom dop\u0159eje relaxaci a\u017e t\u0159em osob\u00e1m. Je toti\u017e velice prakticky a zaj\u00edmav\u011b koncep\u010dn\u011b \u0159e\u0161ena. M\u00e1 jemn\u00fd a p\u0159\u00edjemn\u00fd design a maxim\u00e1ln\u011b vyu\u017eitou prostorovou koncepci.Tatov\u00ed\u0159ivka m\u00e1 n\u00edzkou v\u00fd\u0161ku a mal\u00e9 rozm\u011bry, a p\u0159esto v\u00e1m zajist\u00ed p\u0159\u00edjemnou relaxaci. Je ide\u00e1ln\u00ed i do men\u0161\u00edch interi\u00e9r\u016f, a bez probl\u00e9m\u016f ji pronesete dve\u0159mi. K dispozici je k n\u00ed i \u0159ada exkluzivn\u00edch dopl\u0148k\u016f.                                                                                                                                                                                                                                                                                                                                                                                        3\/5 - (2 votes)        "},{"@context":"https:\/\/schema.org\/","@type":"BreadcrumbList","itemListElement":[{"@type":"ListItem","position":1,"name":"V\u00ed\u0159ivka","item":"https:\/\/www.regenera.cz\/virivka\/#breadcrumbitem"}]}]