[{"@context":"https:\/\/schema.org\/","@type":"Article","@id":"https:\/\/www.regenera.cz\/sikovne-kontejnery-na-odpad\/#Article","mainEntityOfPage":"https:\/\/www.regenera.cz\/sikovne-kontejnery-na-odpad\/","headline":"\u0160ikovn\u00e9 kontejnery na odpad","name":"\u0160ikovn\u00e9 kontejnery na odpad","description":"Budou se v\u00e1m hodit kontejnery na odpad? Jste-li obyvateli Prahy a okol\u00ed, ur\u010dit\u011b se v\u00e1m vyplat\u00ed vyu\u017e\u00edt ji\u017e ov\u011b\u0159en\u00fdch slu\u017eeb firmy Autodoprava Vej\u0161ick\u00fd, kter\u00e1 tedy","datePublished":"2024-03-28","dateModified":"2024-03-28","author":{"@type":"Person","@id":"https:\/\/www.regenera.cz\/author\/#Person","name":"","url":"https:\/\/www.regenera.cz\/author\/","identifier":1,"image":{"@type":"ImageObject","@id":"https:\/\/secure.gravatar.com\/avatar\/93f351f97d5e20a41105810347d62b8b573eebe9313df1f71432877ed17f5f1a?s=96&d=mm&r=g","url":"https:\/\/secure.gravatar.com\/avatar\/93f351f97d5e20a41105810347d62b8b573eebe9313df1f71432877ed17f5f1a?s=96&d=mm&r=g","height":96,"width":96}},"publisher":{"@type":"Organization","name":"regenera.cz","logo":{"@type":"ImageObject","@id":"\/logo.png","url":"\/logo.png","width":600,"height":60}},"url":"https:\/\/www.regenera.cz\/sikovne-kontejnery-na-odpad\/","wordCount":210,"articleBody":"\tBudou se v\u00e1m hodit kontejnery na odpad? Jste-li obyvateli Prahy a okol\u00ed, ur\u010dit\u011b se v\u00e1m vyplat\u00ed vyu\u017e\u00edt ji\u017e ov\u011b\u0159en\u00fdch slu\u017eeb firmy Autodoprava Vej\u0161ick\u00fd, kter\u00e1 tedy operuje p\u0159edev\u0161\u00edm na \u00fazem\u00ed m\u011bsta Prahy, ov\u0161em po domluv\u011b nen\u00ed probl\u00e9m p\u0159istavit kontejnery na odpad tak\u00e9 do vzd\u00e1len\u011bj\u0161\u00edch lokalit, samoz\u0159ejm\u011b pak je cen\u00edk pon\u011bkud jin\u00fd, ale nikoliv drasticky. Pro takov\u00fd odvoz odpad\u016f vyu\u017e\u00edv\u00e1me skv\u011bl\u00e9 \u010desk\u00e9 stroje Avia a Tatra, kter\u00e9 se n\u00e1m nejl\u00e9pe osv\u011bd\u010dily, a tak\u00e9 jejich servis je velmi dob\u0159e realizovateln\u00fd. Ve vozov\u00e9m parku m\u00e1me vybaven\u00e1 n\u00e1kladn\u00ed auta, kter\u00e1 v\u00e1m odvezou jak\u00fdkoliv nepo\u0159\u00e1dek, odkudkoliv.\tPraha a okol\u00ed\tNa\u0161\u00edm polem p\u016fsobnosti je tedy p\u0159edev\u0161\u00edm Praha. M\u00e1me zde nejen letit\u00e9 zku\u0161enosti a znalosti provozu na nejr\u016fzn\u011bj\u0161\u00edch pra\u017esk\u00fdch komunikac\u00ed, kter\u00e9 jsou bohu\u017eel \u010dasto velice ucpan\u00e9, a autodoprava po Praze vskutku nen\u00ed snadn\u00e1. Zvolte si na\u0161e kontejnery na odpad a budete p\u0159ekvapeni, jak rychle jsme schopni reagovat, a tak\u00e9 v\u00e1m dan\u00e9 kontejnery dopravit. V\u017edy jedn\u00e1me solidn\u011b, vystav\u00edme v\u00e1m v\u0161echny pot\u0159ebn\u00e9 doklady.                                                                                                                                                                                                                                                                                                                                                                                         3\/5 - (4 votes)        "},{"@context":"https:\/\/schema.org\/","@type":"BreadcrumbList","itemListElement":[{"@type":"ListItem","position":1,"name":"\u0160ikovn\u00e9 kontejnery na odpad","item":"https:\/\/www.regenera.cz\/sikovne-kontejnery-na-odpad\/#breadcrumbitem"}]}]