[{"@context":"https:\/\/schema.org\/","@type":"Blog","@id":"https:\/\/www.regenera.cz#Blog","headline":"Regenera","description":"\nKa\u017ed\u00fd \u010dlov\u011bk n\u011bco pot\u0159ebuje, ka\u017ed\u00e9mu se n\u011bkdy n\u011b\u010deho nedost\u00e1v\u00e1. A doty\u010dn\u00fd by m\u011bl m\u00edt mo\u017enost to nal\u00e9zt. V \u010dem\u017e se n\u00e1\u0161 web sna\u017e\u00ed maxim\u00e1ln\u011b vyhov\u011bt.","url":"https:\/\/www.regenera.cz","hasPart":[{"@type":"Article","@id":"https:\/\/www.regenera.cz\/blboun-nejapny\/","headline":"Blboun nejapn\u00fd","url":"https:\/\/www.regenera.cz\/blboun-nejapny\/","datePublished":"2023-05-06","dateModified":"2023-05-06","mainEntityOfPage":"https:\/\/www.regenera.cz\/blboun-nejapny\/","author":{"@type":"Person","@id":"https:\/\/www.regenera.cz\/author\/#Person","name":"","url":"https:\/\/www.regenera.cz\/author\/","identifier":1,"image":{"@type":"ImageObject","@id":"https:\/\/secure.gravatar.com\/avatar\/93f351f97d5e20a41105810347d62b8b573eebe9313df1f71432877ed17f5f1a?s=96&d=mm&r=g","url":"https:\/\/secure.gravatar.com\/avatar\/93f351f97d5e20a41105810347d62b8b573eebe9313df1f71432877ed17f5f1a?s=96&d=mm&r=g","height":96,"width":96}},"publisher":{"@type":"Organization","name":"regenera.cz","logo":{"@type":"ImageObject","@id":"\/logo.png","url":"\/logo.png","width":600,"height":60}},"image":null,"wordCount":467,"keywords":null},{"@type":"Article","@id":"https:\/\/www.regenera.cz\/nabizime-vam-financne-dostupny-sortiment\/","headline":"Nab\u00edz\u00edme v\u00e1m finan\u010dn\u011b dostupn\u00fd sortiment","url":"https:\/\/www.regenera.cz\/nabizime-vam-financne-dostupny-sortiment\/","datePublished":"2023-04-30","dateModified":"2024-05-06","mainEntityOfPage":"https:\/\/www.regenera.cz\/nabizime-vam-financne-dostupny-sortiment\/","author":{"@type":"Person","@id":"https:\/\/www.regenera.cz\/author\/#Person","name":"","url":"https:\/\/www.regenera.cz\/author\/","identifier":1,"image":{"@type":"ImageObject","@id":"https:\/\/secure.gravatar.com\/avatar\/93f351f97d5e20a41105810347d62b8b573eebe9313df1f71432877ed17f5f1a?s=96&d=mm&r=g","url":"https:\/\/secure.gravatar.com\/avatar\/93f351f97d5e20a41105810347d62b8b573eebe9313df1f71432877ed17f5f1a?s=96&d=mm&r=g","height":96,"width":96}},"publisher":{"@type":"Organization","name":"regenera.cz","logo":{"@type":"ImageObject","@id":"\/logo.png","url":"\/logo.png","width":600,"height":60}},"image":null,"wordCount":490,"keywords":null},{"@type":"Article","@id":"https:\/\/www.regenera.cz\/urcite-je-dobre-podivat-se-na-dokumenty-ke-stazeni\/","headline":"Ur\u010dit\u011b je dobr\u00e9 pod\u00edvat se na dokumenty ke sta\u017een\u00ed","url":"https:\/\/www.regenera.cz\/urcite-je-dobre-podivat-se-na-dokumenty-ke-stazeni\/","datePublished":"2023-04-26","dateModified":"2023-04-26","mainEntityOfPage":"https:\/\/www.regenera.cz\/urcite-je-dobre-podivat-se-na-dokumenty-ke-stazeni\/","author":{"@type":"Person","@id":"https:\/\/www.regenera.cz\/author\/#Person","name":"","url":"https:\/\/www.regenera.cz\/author\/","identifier":1,"image":{"@type":"ImageObject","@id":"https:\/\/secure.gravatar.com\/avatar\/93f351f97d5e20a41105810347d62b8b573eebe9313df1f71432877ed17f5f1a?s=96&d=mm&r=g","url":"https:\/\/secure.gravatar.com\/avatar\/93f351f97d5e20a41105810347d62b8b573eebe9313df1f71432877ed17f5f1a?s=96&d=mm&r=g","height":96,"width":96}},"publisher":{"@type":"Organization","name":"regenera.cz","logo":{"@type":"ImageObject","@id":"\/logo.png","url":"\/logo.png","width":600,"height":60}},"image":{"@type":"ImageObject","@id":"https:\/\/www.regenera.cz\/wp-content\/uploads\/dok.JPG","url":"https:\/\/www.regenera.cz\/wp-content\/uploads\/dok.JPG","height":0,"width":0},"wordCount":578,"keywords":null},{"@type":"Article","@id":"https:\/\/www.regenera.cz\/nebojime-se-prace-poctivyma-rukama\/","headline":"Neboj\u00edme se pr\u00e1ce poctiv\u00fdma rukama!","url":"https:\/\/www.regenera.cz\/nebojime-se-prace-poctivyma-rukama\/","datePublished":"2023-03-27","dateModified":"2024-04-02","mainEntityOfPage":"https:\/\/www.regenera.cz\/nebojime-se-prace-poctivyma-rukama\/","author":{"@type":"Person","@id":"https:\/\/www.regenera.cz\/author\/#Person","name":"","url":"https:\/\/www.regenera.cz\/author\/","identifier":1,"image":{"@type":"ImageObject","@id":"https:\/\/secure.gravatar.com\/avatar\/93f351f97d5e20a41105810347d62b8b573eebe9313df1f71432877ed17f5f1a?s=96&d=mm&r=g","url":"https:\/\/secure.gravatar.com\/avatar\/93f351f97d5e20a41105810347d62b8b573eebe9313df1f71432877ed17f5f1a?s=96&d=mm&r=g","height":96,"width":96}},"publisher":{"@type":"Organization","name":"regenera.cz","logo":{"@type":"ImageObject","@id":"\/logo.png","url":"\/logo.png","width":600,"height":60}},"image":null,"wordCount":495,"keywords":null},{"@type":"Article","@id":"https:\/\/www.regenera.cz\/novy-interier\/","headline":"Nov\u00fd interi\u00e9r","url":"https:\/\/www.regenera.cz\/novy-interier\/","datePublished":"2022-10-10","dateModified":"2023-05-06","mainEntityOfPage":"https:\/\/www.regenera.cz\/novy-interier\/","author":{"@type":"Person","@id":"https:\/\/www.regenera.cz\/author\/#Person","name":"","url":"https:\/\/www.regenera.cz\/author\/","identifier":1,"image":{"@type":"ImageObject","@id":"https:\/\/secure.gravatar.com\/avatar\/93f351f97d5e20a41105810347d62b8b573eebe9313df1f71432877ed17f5f1a?s=96&d=mm&r=g","url":"https:\/\/secure.gravatar.com\/avatar\/93f351f97d5e20a41105810347d62b8b573eebe9313df1f71432877ed17f5f1a?s=96&d=mm&r=g","height":96,"width":96}},"publisher":{"@type":"Organization","name":"regenera.cz","logo":{"@type":"ImageObject","@id":"\/logo.png","url":"\/logo.png","width":600,"height":60}},"image":{"@type":"ImageObject","@id":"https:\/\/www.regenera.cz\/wp-content\/uploads\/room-4699578_960_720.jpg","url":"https:\/\/www.regenera.cz\/wp-content\/uploads\/room-4699578_960_720.jpg","height":0,"width":0},"wordCount":566,"keywords":null},{"@type":"Article","@id":"https:\/\/www.regenera.cz\/jak-sekat-travu\/","headline":"Jak sekat tr\u00e1vu","url":"https:\/\/www.regenera.cz\/jak-sekat-travu\/","datePublished":"2022-10-09","dateModified":"2022-10-09","mainEntityOfPage":"https:\/\/www.regenera.cz\/jak-sekat-travu\/","author":{"@type":"Person","@id":"https:\/\/www.regenera.cz\/author\/#Person","name":"","url":"https:\/\/www.regenera.cz\/author\/","identifier":1,"image":{"@type":"ImageObject","@id":"https:\/\/secure.gravatar.com\/avatar\/93f351f97d5e20a41105810347d62b8b573eebe9313df1f71432877ed17f5f1a?s=96&d=mm&r=g","url":"https:\/\/secure.gravatar.com\/avatar\/93f351f97d5e20a41105810347d62b8b573eebe9313df1f71432877ed17f5f1a?s=96&d=mm&r=g","height":96,"width":96}},"publisher":{"@type":"Organization","name":"regenera.cz","logo":{"@type":"ImageObject","@id":"\/logo.png","url":"\/logo.png","width":600,"height":60}},"image":{"@type":"ImageObject","@id":"https:\/\/www.regenera.cz\/wp-content\/uploads\/flowers-276014_960_720.jpg","url":"https:\/\/www.regenera.cz\/wp-content\/uploads\/flowers-276014_960_720.jpg","height":0,"width":0},"wordCount":606,"keywords":null},{"@type":"Article","@id":"https:\/\/www.regenera.cz\/jak-stahnout-pisnicku-z-youtube\/","headline":"Jak st\u00e1hnout p\u00edsni\u010dku z YouTube?","url":"https:\/\/www.regenera.cz\/jak-stahnout-pisnicku-z-youtube\/","datePublished":"2022-08-20","dateModified":"2023-10-06","mainEntityOfPage":"https:\/\/www.regenera.cz\/jak-stahnout-pisnicku-z-youtube\/","author":{"@type":"Person","@id":"https:\/\/www.regenera.cz\/author\/#Person","name":"","url":"https:\/\/www.regenera.cz\/author\/","identifier":1,"image":{"@type":"ImageObject","@id":"https:\/\/secure.gravatar.com\/avatar\/93f351f97d5e20a41105810347d62b8b573eebe9313df1f71432877ed17f5f1a?s=96&d=mm&r=g","url":"https:\/\/secure.gravatar.com\/avatar\/93f351f97d5e20a41105810347d62b8b573eebe9313df1f71432877ed17f5f1a?s=96&d=mm&r=g","height":96,"width":96}},"publisher":{"@type":"Organization","name":"regenera.cz","logo":{"@type":"ImageObject","@id":"\/logo.png","url":"\/logo.png","width":600,"height":60}},"image":{"@type":"ImageObject","@id":"https:\/\/www.regenera.cz\/wp-content\/uploads\/pexels-vlad-bagacian-1337753_2.jpg","url":"https:\/\/www.regenera.cz\/wp-content\/uploads\/pexels-vlad-bagacian-1337753_2.jpg","height":0,"width":0},"wordCount":630,"keywords":null},{"@type":"Article","@id":"https:\/\/www.regenera.cz\/je-podnikani-vzdy-zlaty-dul\/","headline":"Je podnik\u00e1n\u00ed v\u017edy zlat\u00fd d\u016fl?","url":"https:\/\/www.regenera.cz\/je-podnikani-vzdy-zlaty-dul\/","datePublished":"2022-08-01","dateModified":"2022-08-01","mainEntityOfPage":"https:\/\/www.regenera.cz\/je-podnikani-vzdy-zlaty-dul\/","author":{"@type":"Person","@id":"https:\/\/www.regenera.cz\/author\/#Person","name":"","url":"https:\/\/www.regenera.cz\/author\/","identifier":1,"image":{"@type":"ImageObject","@id":"https:\/\/secure.gravatar.com\/avatar\/93f351f97d5e20a41105810347d62b8b573eebe9313df1f71432877ed17f5f1a?s=96&d=mm&r=g","url":"https:\/\/secure.gravatar.com\/avatar\/93f351f97d5e20a41105810347d62b8b573eebe9313df1f71432877ed17f5f1a?s=96&d=mm&r=g","height":96,"width":96}},"publisher":{"@type":"Organization","name":"regenera.cz","logo":{"@type":"ImageObject","@id":"\/logo.png","url":"\/logo.png","width":600,"height":60}},"image":{"@type":"ImageObject","@id":"https:\/\/www.regenera.cz\/wp-content\/uploads\/smerovani_SEO_LtnlHZ.jpg","url":"https:\/\/www.regenera.cz\/wp-content\/uploads\/smerovani_SEO_LtnlHZ.jpg","height":0,"width":0},"wordCount":538,"keywords":null},{"@type":"Article","@id":"https:\/\/www.regenera.cz\/proc-jsem-mohl-byt-v-oudtshoornu\/","headline":"Pro\u010d jsem mohl b\u00fdt v Oudtshoornu?","url":"https:\/\/www.regenera.cz\/proc-jsem-mohl-byt-v-oudtshoornu\/","datePublished":"2022-05-23","dateModified":"2023-05-06","mainEntityOfPage":"https:\/\/www.regenera.cz\/proc-jsem-mohl-byt-v-oudtshoornu\/","author":{"@type":"Person","@id":"https:\/\/www.regenera.cz\/author\/#Person","name":"","url":"https:\/\/www.regenera.cz\/author\/","identifier":1,"image":{"@type":"ImageObject","@id":"https:\/\/secure.gravatar.com\/avatar\/93f351f97d5e20a41105810347d62b8b573eebe9313df1f71432877ed17f5f1a?s=96&d=mm&r=g","url":"https:\/\/secure.gravatar.com\/avatar\/93f351f97d5e20a41105810347d62b8b573eebe9313df1f71432877ed17f5f1a?s=96&d=mm&r=g","height":96,"width":96}},"publisher":{"@type":"Organization","name":"regenera.cz","logo":{"@type":"ImageObject","@id":"\/logo.png","url":"\/logo.png","width":600,"height":60}},"image":{"@type":"ImageObject","@id":"https:\/\/www.regenera.cz\/wp-content\/uploads\/h%C5%AFavy%20p%C5%A1tros%C5%AF.jpg","url":"https:\/\/www.regenera.cz\/wp-content\/uploads\/h%C5%AFavy%20p%C5%A1tros%C5%AF.jpg","height":0,"width":0},"wordCount":838,"keywords":null},{"@type":"Article","@id":"https:\/\/www.regenera.cz\/zatocte-se-stresem-doprejte-si-dovolenou-v-jiznich-cechach\/","headline":"Zato\u010dte se stresem \u2013 dop\u0159ejte si dovolenou v Ji\u017en\u00edch \u010cech\u00e1ch","url":"https:\/\/www.regenera.cz\/zatocte-se-stresem-doprejte-si-dovolenou-v-jiznich-cechach\/","datePublished":"2022-04-28","dateModified":"2023-05-06","mainEntityOfPage":"https:\/\/www.regenera.cz\/zatocte-se-stresem-doprejte-si-dovolenou-v-jiznich-cechach\/","author":{"@type":"Person","@id":"https:\/\/www.regenera.cz\/author\/#Person","name":"","url":"https:\/\/www.regenera.cz\/author\/","identifier":1,"image":{"@type":"ImageObject","@id":"https:\/\/secure.gravatar.com\/avatar\/93f351f97d5e20a41105810347d62b8b573eebe9313df1f71432877ed17f5f1a?s=96&d=mm&r=g","url":"https:\/\/secure.gravatar.com\/avatar\/93f351f97d5e20a41105810347d62b8b573eebe9313df1f71432877ed17f5f1a?s=96&d=mm&r=g","height":96,"width":96}},"publisher":{"@type":"Organization","name":"regenera.cz","logo":{"@type":"ImageObject","@id":"\/logo.png","url":"\/logo.png","width":600,"height":60}},"image":{"@type":"ImageObject","@id":"https:\/\/www.regenera.cz\/wp-content\/uploads\/czech-republic-7077006_640.jpg","url":"https:\/\/www.regenera.cz\/wp-content\/uploads\/czech-republic-7077006_640.jpg","height":0,"width":0},"wordCount":634,"keywords":null}]},{"@context":"https:\/\/schema.org","@type":"WebSite","@id":"https:\/\/www.regenera.cz\/#website","name":"Regenera","url":"https:\/\/www.regenera.cz","potentialAction":{"@type":"SearchAction","target":"https:\/\/www.regenera.cz\/?s={search_term_string}","query-input":"required name=search_term_string"}}]