[{"@context":"https:\/\/schema.org\/","@type":"Blog","@id":"https:\/\/www.regenera.cz#Blog","headline":"Regenera","description":"\nKa\u017ed\u00fd \u010dlov\u011bk n\u011bco pot\u0159ebuje, ka\u017ed\u00e9mu se n\u011bkdy n\u011b\u010deho nedost\u00e1v\u00e1. A doty\u010dn\u00fd by m\u011bl m\u00edt mo\u017enost to nal\u00e9zt. V \u010dem\u017e se n\u00e1\u0161 web sna\u017e\u00ed maxim\u00e1ln\u011b vyhov\u011bt.","url":"https:\/\/www.regenera.cz","hasPart":[{"@type":"Article","@id":"https:\/\/www.regenera.cz\/muzi-a-spodni-pradlo\/","headline":"Mu\u017ei a spodn\u00ed pr\u00e1dlo","url":"https:\/\/www.regenera.cz\/muzi-a-spodni-pradlo\/","datePublished":"2024-06-30","dateModified":"2024-06-30","mainEntityOfPage":"https:\/\/www.regenera.cz\/muzi-a-spodni-pradlo\/","author":{"@type":"Person","@id":"https:\/\/www.regenera.cz\/author\/#Person","name":"","url":"https:\/\/www.regenera.cz\/author\/","identifier":1,"image":{"@type":"ImageObject","@id":"https:\/\/secure.gravatar.com\/avatar\/93f351f97d5e20a41105810347d62b8b573eebe9313df1f71432877ed17f5f1a?s=96&d=mm&r=g","url":"https:\/\/secure.gravatar.com\/avatar\/93f351f97d5e20a41105810347d62b8b573eebe9313df1f71432877ed17f5f1a?s=96&d=mm&r=g","height":96,"width":96}},"publisher":{"@type":"Organization","name":"regenera.cz","logo":{"@type":"ImageObject","@id":"\/logo.png","url":"\/logo.png","width":600,"height":60}},"image":{"@type":"ImageObject","@id":"https:\/\/www.regenera.cz\/wp-content\/uploads\/clothes-pins-8281931_640.jpg","url":"https:\/\/www.regenera.cz\/wp-content\/uploads\/clothes-pins-8281931_640.jpg","height":0,"width":0},"wordCount":529,"keywords":null},{"@type":"Article","@id":"https:\/\/www.regenera.cz\/kulatiny-se-museji-poradne-oslavit\/","headline":"Kulatiny se musej\u00ed po\u0159\u00e1dn\u011b oslavit","url":"https:\/\/www.regenera.cz\/kulatiny-se-museji-poradne-oslavit\/","datePublished":"2024-04-27","dateModified":"2024-04-27","mainEntityOfPage":"https:\/\/www.regenera.cz\/kulatiny-se-museji-poradne-oslavit\/","author":{"@type":"Person","@id":"https:\/\/www.regenera.cz\/author\/#Person","name":"","url":"https:\/\/www.regenera.cz\/author\/","identifier":1,"image":{"@type":"ImageObject","@id":"https:\/\/secure.gravatar.com\/avatar\/93f351f97d5e20a41105810347d62b8b573eebe9313df1f71432877ed17f5f1a?s=96&d=mm&r=g","url":"https:\/\/secure.gravatar.com\/avatar\/93f351f97d5e20a41105810347d62b8b573eebe9313df1f71432877ed17f5f1a?s=96&d=mm&r=g","height":96,"width":96}},"publisher":{"@type":"Organization","name":"regenera.cz","logo":{"@type":"ImageObject","@id":"\/logo.png","url":"\/logo.png","width":600,"height":60}},"image":null,"wordCount":294,"keywords":null},{"@type":"Article","@id":"https:\/\/www.regenera.cz\/podivejte-se-co-rikaji-moji-klienti\/","headline":"Pod\u00edvejte se, co \u0159\u00edkaj\u00ed moji klienti","url":"https:\/\/www.regenera.cz\/podivejte-se-co-rikaji-moji-klienti\/","datePublished":"2024-04-19","dateModified":"2024-04-19","mainEntityOfPage":"https:\/\/www.regenera.cz\/podivejte-se-co-rikaji-moji-klienti\/","author":{"@type":"Person","@id":"https:\/\/www.regenera.cz\/author\/#Person","name":"","url":"https:\/\/www.regenera.cz\/author\/","identifier":1,"image":{"@type":"ImageObject","@id":"https:\/\/secure.gravatar.com\/avatar\/93f351f97d5e20a41105810347d62b8b573eebe9313df1f71432877ed17f5f1a?s=96&d=mm&r=g","url":"https:\/\/secure.gravatar.com\/avatar\/93f351f97d5e20a41105810347d62b8b573eebe9313df1f71432877ed17f5f1a?s=96&d=mm&r=g","height":96,"width":96}},"publisher":{"@type":"Organization","name":"regenera.cz","logo":{"@type":"ImageObject","@id":"\/logo.png","url":"\/logo.png","width":600,"height":60}},"image":null,"wordCount":276,"keywords":null},{"@type":"Article","@id":"https:\/\/www.regenera.cz\/leky-pro-choulostive-muze\/","headline":"L\u00e9ky pro choulostiv\u00e9 mu\u017ee","url":"https:\/\/www.regenera.cz\/leky-pro-choulostive-muze\/","datePublished":"2024-04-15","dateModified":"2024-04-15","mainEntityOfPage":"https:\/\/www.regenera.cz\/leky-pro-choulostive-muze\/","author":{"@type":"Person","@id":"https:\/\/www.regenera.cz\/author\/#Person","name":"","url":"https:\/\/www.regenera.cz\/author\/","identifier":1,"image":{"@type":"ImageObject","@id":"https:\/\/secure.gravatar.com\/avatar\/93f351f97d5e20a41105810347d62b8b573eebe9313df1f71432877ed17f5f1a?s=96&d=mm&r=g","url":"https:\/\/secure.gravatar.com\/avatar\/93f351f97d5e20a41105810347d62b8b573eebe9313df1f71432877ed17f5f1a?s=96&d=mm&r=g","height":96,"width":96}},"publisher":{"@type":"Organization","name":"regenera.cz","logo":{"@type":"ImageObject","@id":"\/logo.png","url":"\/logo.png","width":600,"height":60}},"image":{"@type":"ImageObject","@id":"https:\/\/www.regenera.cz\/wp-content\/uploads\/medicine-6661158_1280_1.jpg","url":"https:\/\/www.regenera.cz\/wp-content\/uploads\/medicine-6661158_1280_1.jpg","height":0,"width":0},"wordCount":508,"keywords":null},{"@type":"Article","@id":"https:\/\/www.regenera.cz\/kdyz-svatebni-hostinu-tak-od-nasi-spolecnosti\/","headline":"Kdy\u017e svatebn\u00ed hostinu, tak od na\u0161\u00ed spole\u010dnosti","url":"https:\/\/www.regenera.cz\/kdyz-svatebni-hostinu-tak-od-nasi-spolecnosti\/","datePublished":"2024-04-12","dateModified":"2024-04-12","mainEntityOfPage":"https:\/\/www.regenera.cz\/kdyz-svatebni-hostinu-tak-od-nasi-spolecnosti\/","author":{"@type":"Person","@id":"https:\/\/www.regenera.cz\/author\/#Person","name":"","url":"https:\/\/www.regenera.cz\/author\/","identifier":1,"image":{"@type":"ImageObject","@id":"https:\/\/secure.gravatar.com\/avatar\/93f351f97d5e20a41105810347d62b8b573eebe9313df1f71432877ed17f5f1a?s=96&d=mm&r=g","url":"https:\/\/secure.gravatar.com\/avatar\/93f351f97d5e20a41105810347d62b8b573eebe9313df1f71432877ed17f5f1a?s=96&d=mm&r=g","height":96,"width":96}},"publisher":{"@type":"Organization","name":"regenera.cz","logo":{"@type":"ImageObject","@id":"\/logo.png","url":"\/logo.png","width":600,"height":60}},"image":null,"wordCount":292,"keywords":null},{"@type":"Article","@id":"https:\/\/www.regenera.cz\/na-zamkovou-dlazbu-jsme-jednicky-my\/","headline":"Na z\u00e1mkovou dla\u017ebu jsme jedni\u010dky my","url":"https:\/\/www.regenera.cz\/na-zamkovou-dlazbu-jsme-jednicky-my\/","datePublished":"2024-04-04","dateModified":"2024-04-04","mainEntityOfPage":"https:\/\/www.regenera.cz\/na-zamkovou-dlazbu-jsme-jednicky-my\/","author":{"@type":"Person","@id":"https:\/\/www.regenera.cz\/author\/#Person","name":"","url":"https:\/\/www.regenera.cz\/author\/","identifier":1,"image":{"@type":"ImageObject","@id":"https:\/\/secure.gravatar.com\/avatar\/93f351f97d5e20a41105810347d62b8b573eebe9313df1f71432877ed17f5f1a?s=96&d=mm&r=g","url":"https:\/\/secure.gravatar.com\/avatar\/93f351f97d5e20a41105810347d62b8b573eebe9313df1f71432877ed17f5f1a?s=96&d=mm&r=g","height":96,"width":96}},"publisher":{"@type":"Organization","name":"regenera.cz","logo":{"@type":"ImageObject","@id":"\/logo.png","url":"\/logo.png","width":600,"height":60}},"image":null,"wordCount":275,"keywords":null},{"@type":"Article","@id":"https:\/\/www.regenera.cz\/usetrete-si-cas-i-praci-najednou\/","headline":"U\u0161et\u0159ete si \u010das i pr\u00e1ci najednou","url":"https:\/\/www.regenera.cz\/usetrete-si-cas-i-praci-najednou\/","datePublished":"2024-03-30","dateModified":"2024-03-30","mainEntityOfPage":"https:\/\/www.regenera.cz\/usetrete-si-cas-i-praci-najednou\/","author":{"@type":"Person","@id":"https:\/\/www.regenera.cz\/author\/#Person","name":"","url":"https:\/\/www.regenera.cz\/author\/","identifier":1,"image":{"@type":"ImageObject","@id":"https:\/\/secure.gravatar.com\/avatar\/93f351f97d5e20a41105810347d62b8b573eebe9313df1f71432877ed17f5f1a?s=96&d=mm&r=g","url":"https:\/\/secure.gravatar.com\/avatar\/93f351f97d5e20a41105810347d62b8b573eebe9313df1f71432877ed17f5f1a?s=96&d=mm&r=g","height":96,"width":96}},"publisher":{"@type":"Organization","name":"regenera.cz","logo":{"@type":"ImageObject","@id":"\/logo.png","url":"\/logo.png","width":600,"height":60}},"image":null,"wordCount":330,"keywords":null},{"@type":"Article","@id":"https:\/\/www.regenera.cz\/sikovne-kontejnery-na-odpad\/","headline":"\u0160ikovn\u00e9 kontejnery na odpad","url":"https:\/\/www.regenera.cz\/sikovne-kontejnery-na-odpad\/","datePublished":"2024-03-28","dateModified":"2024-03-28","mainEntityOfPage":"https:\/\/www.regenera.cz\/sikovne-kontejnery-na-odpad\/","author":{"@type":"Person","@id":"https:\/\/www.regenera.cz\/author\/#Person","name":"","url":"https:\/\/www.regenera.cz\/author\/","identifier":1,"image":{"@type":"ImageObject","@id":"https:\/\/secure.gravatar.com\/avatar\/93f351f97d5e20a41105810347d62b8b573eebe9313df1f71432877ed17f5f1a?s=96&d=mm&r=g","url":"https:\/\/secure.gravatar.com\/avatar\/93f351f97d5e20a41105810347d62b8b573eebe9313df1f71432877ed17f5f1a?s=96&d=mm&r=g","height":96,"width":96}},"publisher":{"@type":"Organization","name":"regenera.cz","logo":{"@type":"ImageObject","@id":"\/logo.png","url":"\/logo.png","width":600,"height":60}},"image":null,"wordCount":258,"keywords":null},{"@type":"Article","@id":"https:\/\/www.regenera.cz\/ucinky-mesicku-lekarskeho\/","headline":"\u00da\u010dinky m\u011bs\u00ed\u010dku l\u00e9ka\u0159sk\u00e9ho","url":"https:\/\/www.regenera.cz\/ucinky-mesicku-lekarskeho\/","datePublished":"2024-02-26","dateModified":"2024-03-27","mainEntityOfPage":"https:\/\/www.regenera.cz\/ucinky-mesicku-lekarskeho\/","author":{"@type":"Person","@id":"https:\/\/www.regenera.cz\/author\/#Person","name":"","url":"https:\/\/www.regenera.cz\/author\/","identifier":1,"image":{"@type":"ImageObject","@id":"https:\/\/secure.gravatar.com\/avatar\/93f351f97d5e20a41105810347d62b8b573eebe9313df1f71432877ed17f5f1a?s=96&d=mm&r=g","url":"https:\/\/secure.gravatar.com\/avatar\/93f351f97d5e20a41105810347d62b8b573eebe9313df1f71432877ed17f5f1a?s=96&d=mm&r=g","height":96,"width":96}},"publisher":{"@type":"Organization","name":"regenera.cz","logo":{"@type":"ImageObject","@id":"\/logo.png","url":"\/logo.png","width":600,"height":60}},"image":{"@type":"ImageObject","@id":"https:\/\/www.regenera.cz\/wp-content\/uploads\/yoksel-zok-UCcMtCDHhxo-unsplash.jpg","url":"https:\/\/www.regenera.cz\/wp-content\/uploads\/yoksel-zok-UCcMtCDHhxo-unsplash.jpg","height":0,"width":0},"wordCount":599,"keywords":null},{"@type":"Article","@id":"https:\/\/www.regenera.cz\/krasne-provedeni-je-take-dulezite\/","headline":"Kr\u00e1sn\u00e9 proveden\u00ed je tak\u00e9 d\u016fle\u017eit\u00e9","url":"https:\/\/www.regenera.cz\/krasne-provedeni-je-take-dulezite\/","datePublished":"2024-02-04","dateModified":"2024-02-04","mainEntityOfPage":"https:\/\/www.regenera.cz\/krasne-provedeni-je-take-dulezite\/","author":{"@type":"Person","@id":"https:\/\/www.regenera.cz\/author\/#Person","name":"","url":"https:\/\/www.regenera.cz\/author\/","identifier":1,"image":{"@type":"ImageObject","@id":"https:\/\/secure.gravatar.com\/avatar\/93f351f97d5e20a41105810347d62b8b573eebe9313df1f71432877ed17f5f1a?s=96&d=mm&r=g","url":"https:\/\/secure.gravatar.com\/avatar\/93f351f97d5e20a41105810347d62b8b573eebe9313df1f71432877ed17f5f1a?s=96&d=mm&r=g","height":96,"width":96}},"publisher":{"@type":"Organization","name":"regenera.cz","logo":{"@type":"ImageObject","@id":"\/logo.png","url":"\/logo.png","width":600,"height":60}},"image":null,"wordCount":198,"keywords":null}]},{"@context":"https:\/\/schema.org","@type":"WebSite","@id":"https:\/\/www.regenera.cz\/#website","name":"Regenera","url":"https:\/\/www.regenera.cz","potentialAction":{"@type":"SearchAction","target":"https:\/\/www.regenera.cz\/?s={search_term_string}","query-input":"required name=search_term_string"}}]