[{"@context":"https:\/\/schema.org\/","@type":"Article","@id":"https:\/\/www.regenera.cz\/nove-bydleni-v-mobilnim-domku\/#Article","mainEntityOfPage":"https:\/\/www.regenera.cz\/nove-bydleni-v-mobilnim-domku\/","headline":"Nov\u00e9 bydlen\u00ed v mobiln\u00edm domku","name":"Nov\u00e9 bydlen\u00ed v mobiln\u00edm domku","description":"Kdy\u017e se \u0159ekne mobiln\u00ed d\u016fm, tak st\u00e1le mnoz\u00ed maj\u00ed na pam\u011bti, \u017ee se jedn\u00e1 jenom o n\u011bjak\u00fd dome\u010dek na kole\u010dk\u00e1ch. Jen pomalou\u010dku polehou\u010dku se musel","datePublished":"2021-12-26","dateModified":"2021-12-26","author":{"@type":"Person","@id":"https:\/\/www.regenera.cz\/author\/#Person","name":"","url":"https:\/\/www.regenera.cz\/author\/","identifier":1,"image":{"@type":"ImageObject","@id":"https:\/\/secure.gravatar.com\/avatar\/93f351f97d5e20a41105810347d62b8b573eebe9313df1f71432877ed17f5f1a?s=96&d=mm&r=g","url":"https:\/\/secure.gravatar.com\/avatar\/93f351f97d5e20a41105810347d62b8b573eebe9313df1f71432877ed17f5f1a?s=96&d=mm&r=g","height":96,"width":96}},"publisher":{"@type":"Organization","name":"regenera.cz","logo":{"@type":"ImageObject","@id":"\/logo.png","url":"\/logo.png","width":600,"height":60}},"image":{"@type":"ImageObject","@id":"https:\/\/www.regenera.cz\/wp-content\/uploads\/%C5%BEidle,%20kn%C3%AD%C5%BEky%20zahrada.jpg","url":"https:\/\/www.regenera.cz\/wp-content\/uploads\/%C5%BEidle,%20kn%C3%AD%C5%BEky%20zahrada.jpg","height":0,"width":0},"url":"https:\/\/www.regenera.cz\/nove-bydleni-v-mobilnim-domku\/","about":["D\u016fm a zahrada"],"wordCount":446,"articleBody":"          Kdy\u017e se \u0159ekne mobiln\u00ed d\u016fm, tak st\u00e1le mnoz\u00ed maj\u00ed na pam\u011bti, \u017ee se jedn\u00e1 jenom o n\u011bjak\u00fd dome\u010dek na kole\u010dk\u00e1ch. Jen pomalou\u010dku polehou\u010dku se musel n\u00e1zor n\u011bkter\u00fdch lid\u00ed zm\u011bnit a v dne\u0161n\u00ed dob\u011b si u\u017e i \u0161ir\u0161\u00ed ve\u0159ejnost ud\u011bl\u00e1 p\u0159edstavu o tom, \u017ee se nemus\u00ed nutn\u011b jednat jenom o jednu m\u00edstnost, kterou si nav\u00edc p\u0159evezete tam, kam pot\u0159ebujete, ale \u017ee se jedn\u00e1 o plnohodnotn\u00fd domek, ve kter\u00e9m m\u016f\u017eete bydlet jak v l\u00e9t\u011b, tak i v zim\u011b, za n\u00edzk\u00e9 m\u011bs\u00ed\u010dn\u00ed n\u00e1klady. A to v\u0161echno ve sv\u00e9m vlastn\u00edm soukrom\u00e9m obydl\u00ed za minim\u00e1ln\u00ed po\u0159izovac\u00ed hodnotu.P\u0159esn\u011b tomu odpov\u00edd\u00e1 i objekt Lavaro House A. Velice obl\u00edben\u00fd projekt, kter\u00fd u\u017e vytvo\u0159il nov\u00fd domov pro mnoh\u00e9 rodiny s d\u011btmi, ale tak\u00e9 pro p\u00e1ry jak mlad\u0161\u00ed, tak i star\u0161\u00ed.Tento projekt vy\u010dn\u00edv\u00e1 z \u0159ady, proto\u017ee disponuje hned n\u011bkolik nejlep\u0161\u00edmi vlastnostmi. Je velk\u00fd tak akor\u00e1t a najdete v n\u011bm v\u0161e, co b\u011b\u017en\u011b k \u017eivotu pot\u0159ebujete. Z venkovn\u00ed strany vypad\u00e1 jako modern\u00ed d\u0159evostavba. Oblo\u017een\u00ed ze d\u0159eva d\u00e1v\u00e1 mobiln\u00edm domk\u016fm pat\u0159i\u010dn\u00fd \u0161mrnc. D\u00edky tomu se hod\u00ed jak na men\u0161\u00ed vesnice, tak i do m\u011bsta. Jist\u011b zapadne do jak\u00e9koliv m\u00edstn\u00ed z\u00e1stavby. D\u0159evo borovice je p\u0159\u00edjemn\u00e9 na pohled a naprosto univerz\u00e1ln\u00ed, tak\u017ee se skv\u011ble hod\u00ed i k dal\u0161\u00edm materi\u00e1l\u016fm.Jedn\u00e1 se o zcela nov\u00fd d\u016fm, kter\u00fd je velice \u00fasporn\u00fd. Jeho n\u00edzk\u00e1 po\u0159izovac\u00ed cena jenom dokl\u00e1d\u00e1 fakt, \u017ee se nezadlu\u017e\u00edte miliony do konce \u017eivota, ale \u017ee si za zbyl\u00e9 pen\u00edze m\u016f\u017eete je\u0161t\u011b u\u017e\u00edvat.Zateplen\u00fd 130 milimetry siln\u00e9 tepeln\u011b &#8211; izola\u010dn\u00ed vrstvy. Najdete zde tak\u00e9 p\u0159\u00edmotopy a dokonce i venkovn\u00ed rolety. Luxus, kter\u00fd si jen tak n\u011bkdo nedop\u0159eje, ale vy ho m\u00e1te u\u017e v z\u00e1kladu.A jak\u00fdm dal\u0161\u00edm bonusem vy\u010dn\u00edv\u00e1 z \u0159ady? Je pln\u011b vybaven\u00fd! Tak\u017ee za tuto jednotnou cenu m\u00e1te jak cel\u00fd kompletn\u011b postaven\u00fd d\u016fm, p\u0159ivezen\u00fd a\u017e na parcelu, tak pln\u011b vybaven\u00fd!V kuchyni najdete sklokeramickou induk\u010dn\u00ed desku, ledni\u010dku, my\u010dku, digesto\u0159. V koupeln\u011b v\u00e1s pot\u011b\u0161\u00ed sprchov\u00fd kout, wc, bojler. Interi\u00e9r p\u016fsob\u00ed p\u0159\u00edjemn\u011b a \u00fatuln\u011b, oblo\u017een\u00ed z d\u0159ev\u011bn\u00fdch palubek tomu v\u0161emu d\u00e1 pat\u0159i\u010dnou romanci a n\u00e1dech p\u0159\u00edrodn\u00edho stylu, ve kter\u00e9m se v\u00e1m jist\u011b bude dob\u0159e \u017e\u00edt.                                                                                                                                                                                                                                                                                                                                                                                          3\/5 - (4 votes)        "},{"@context":"https:\/\/schema.org\/","@type":"BreadcrumbList","itemListElement":[{"@type":"ListItem","position":1,"name":"Nov\u00e9 bydlen\u00ed v mobiln\u00edm domku","item":"https:\/\/www.regenera.cz\/nove-bydleni-v-mobilnim-domku\/#breadcrumbitem"}]}]