[{"@context":"https:\/\/schema.org\/","@type":"Article","@id":"https:\/\/www.regenera.cz\/jak-sekat-travu\/#Article","mainEntityOfPage":"https:\/\/www.regenera.cz\/jak-sekat-travu\/","headline":"Jak sekat tr\u00e1vu","name":"Jak sekat tr\u00e1vu","description":"I kdy\u017e se u\u017e bl\u00ed\u017e\u00ed zima, tak je taky je\u0161t\u011b pot\u0159eba se postarat o zahradu a taky hlavn\u011b o tr\u00e1vn\u00edk. Ka\u017ed\u00fd tr\u00e1vn\u00edk s mus\u00ed p\u0159ed","datePublished":"2022-10-09","dateModified":"2022-10-09","author":{"@type":"Person","@id":"https:\/\/www.regenera.cz\/author\/#Person","name":"","url":"https:\/\/www.regenera.cz\/author\/","identifier":1,"image":{"@type":"ImageObject","@id":"https:\/\/secure.gravatar.com\/avatar\/93f351f97d5e20a41105810347d62b8b573eebe9313df1f71432877ed17f5f1a?s=96&d=mm&r=g","url":"https:\/\/secure.gravatar.com\/avatar\/93f351f97d5e20a41105810347d62b8b573eebe9313df1f71432877ed17f5f1a?s=96&d=mm&r=g","height":96,"width":96}},"publisher":{"@type":"Organization","name":"regenera.cz","logo":{"@type":"ImageObject","@id":"\/logo.png","url":"\/logo.png","width":600,"height":60}},"image":{"@type":"ImageObject","@id":"https:\/\/www.regenera.cz\/wp-content\/uploads\/flowers-276014_960_720.jpg","url":"https:\/\/www.regenera.cz\/wp-content\/uploads\/flowers-276014_960_720.jpg","height":0,"width":0},"url":"https:\/\/www.regenera.cz\/jak-sekat-travu\/","about":["Web"],"wordCount":455,"articleBody":"         I kdy\u017e se u\u017e bl\u00ed\u017e\u00ed zima, tak je taky je\u0161t\u011b pot\u0159eba se postarat o zahradu a taky hlavn\u011b o tr\u00e1vn\u00edk. Ka\u017ed\u00fd tr\u00e1vn\u00edk s mus\u00ed p\u0159ed zimou upravit a postarat se o n\u011bj. Mysl\u00edm si, \u017ee sek\u00e1n\u00ed tr\u00e1vy je taky je\u0161t\u011b vhodn\u00e9, i kdy\u017e u\u017e se bude bl\u00ed\u017eit sn\u00edh. Ale pokud se v\u00e1m nechce sekat tr\u00e1va, tak m\u016f\u017eete vyu\u017e\u00edt takov\u00fdch slu\u017eeb, kter\u00e9 v\u00e1m po sekaj\u00ed tr\u00e1vu. Je opravdu hodn\u011b takov\u00fdch firem. M\u016f\u017eete si tak\u00e9 zjistit, jak\u00fd je cen\u00edk za sek\u00e1n\u00ed tr\u00e1vy. A tohle je hlavn\u011b pro ty lidi, kter\u00fdm se nechce je\u0161t\u011b moc pracovat. Ale nemyslete si, \u017ee tohle je pouze jenom pro l\u00edn\u00e9 lidi. Tohle v\u016fbec ne a ani tohle nemysl\u00edm. Je to hlavn\u011b proto, \u017ee pokud t\u0159eba ze zdravotn\u00edch d\u016fvod\u016f nem\u016f\u017eete sekat tr\u00e1vu anebo jste t\u0159eba st\u00e1le v pr\u00e1ci, tak se v\u00e1m bude hodit cen\u00edk za sek\u00e1n\u00ed tr\u00e1vy. Mysl\u00edm se, \u017ee v ka\u017ed\u00e9m m\u011bst\u011b je jist\u011b takov\u00e1 firma, kter\u00e1 teto slu\u017eby sek\u00e1n\u00ed tr\u00e1vy poskytuje. Nebo u v\u00e1s nen\u00ed?Pokud si mysl\u00edte, \u017ee u v\u00e1s tato slu\u017eba nen\u00ed, tak se nemus\u00edte a b\u00e1t a zeptejte se ve va\u0161em m\u00edst\u011b na informac\u00edch. T\u0159eba v\u00e1m nejbli\u017e\u0161\u00ed mo\u017enou slu\u017ebu se\u017eenou levn\u011bji. Proto\u017ee j\u00e1 jsem o tomhle taky v\u016fbec nev\u011bd\u011bla. A nav\u00edc j\u00e1 jsem sama, nem\u00e1m p\u0159\u00edtele a m\u00e1m ale velkou zahradu, tak\u017ee je logick\u00e9, \u017ee j\u00e1 sama bych zahradu asi ne posekala.J\u00e1 m\u00e1m toti\u017e velice fyzicky n\u00e1ro\u010dnou pr\u00e1ci a k tomu m\u00e1m je\u0161t\u011b brig\u00e1du, tak\u017ee jsem opravdu r\u00e1da, kdy\u017e se ve voln\u00e9m \u010dase mohu v\u011bnovat synovi anebo sama sob\u011b. A opravdu bych je\u0161t\u011b asi nezvl\u00e1dla sekat tr\u00e1vu. Tak\u017ee jsem r\u00e1da, \u017ee ve vedlej\u0161\u00ed vesnici od n\u00e1s je firma, kter\u00e1 m\u00e1 v nab\u00eddce sek\u00e1n\u00ed tr\u00e1vy. A mus\u00edm taky \u0159\u00edct, \u017ee jejich cen\u00edk za sek\u00e1n\u00ed tr\u00e1vy nen\u00ed opravdu drah\u00fd. L\u00edb\u00ed se mi to a mysl\u00edm si, \u017ee to je to slu\u017eby mohl vyu\u017e\u00edt opravdu ka\u017ed\u00fd. Ka\u017ed\u00fd si ale mysl\u00ed, \u017ee je v\u0161echno p\u0159edra\u017een\u00e9, ale tady se nemus\u00edte b\u00e1t, \u017ee p\u0159ijdete o pen\u00edze. Pokud m\u00e1te t\u0159eba jen malou sekc\u00ed plochu, tak jist\u011b nenech\u00e1te za to moc pen\u011bz. Z\u00e1le\u017e\u00ed na firm\u011b.                                                                                                                                                                                                                                                                                                                                                                                           3\/5 - (2 votes)        "},{"@context":"https:\/\/schema.org\/","@type":"BreadcrumbList","itemListElement":[{"@type":"ListItem","position":1,"name":"Jak sekat tr\u00e1vu","item":"https:\/\/www.regenera.cz\/jak-sekat-travu\/#breadcrumbitem"}]}]