{"@context":"https:\/\/schema.org\/","@type":"CollectionPage","@id":"https:\/\/www.regenera.cz\/dovolena\/#CollectionPage","headline":"Dovolen\u00e1 Category","description":"","url":"https:\/\/www.regenera.cz\/dovolena\/","hasPart":[{"@type":"Article","@id":"https:\/\/www.regenera.cz\/pariz-low-cost-vylet\/","headline":"Pa\u0159\u00ed\u017e, low-cost v\u00fdlet?","url":"https:\/\/www.regenera.cz\/pariz-low-cost-vylet\/","datePublished":"2023-05-06","dateModified":"2023-05-06","mainEntityOfPage":"https:\/\/www.regenera.cz\/pariz-low-cost-vylet\/","author":{"@type":"Person","@id":"https:\/\/www.regenera.cz\/author\/#Person","name":"","url":"https:\/\/www.regenera.cz\/author\/","identifier":1,"image":{"@type":"ImageObject","@id":"https:\/\/secure.gravatar.com\/avatar\/93f351f97d5e20a41105810347d62b8b573eebe9313df1f71432877ed17f5f1a?s=96&d=mm&r=g","url":"https:\/\/secure.gravatar.com\/avatar\/93f351f97d5e20a41105810347d62b8b573eebe9313df1f71432877ed17f5f1a?s=96&d=mm&r=g","height":96,"width":96}},"publisher":{"@type":"Organization","name":"regenera.cz","logo":{"@type":"ImageObject","@id":"\/logo.png","url":"\/logo.png","width":600,"height":60}},"image":{"@type":"ImageObject","@id":"https:\/\/www.regenera.cz\/wp-content\/uploads\/img_a335068_w2782_t1548484950.jpg","url":"https:\/\/www.regenera.cz\/wp-content\/uploads\/img_a335068_w2782_t1548484950.jpg","height":0,"width":0},"keywords":null},{"@type":"Article","@id":"https:\/\/www.regenera.cz\/dovolena-u-baltu\/","headline":"Dovolen\u00e1 u Baltu","url":"https:\/\/www.regenera.cz\/dovolena-u-baltu\/","datePublished":"2019-06-19","dateModified":"2023-05-06","mainEntityOfPage":"https:\/\/www.regenera.cz\/dovolena-u-baltu\/","author":{"@type":"Person","@id":"https:\/\/www.regenera.cz\/author\/#Person","name":"","url":"https:\/\/www.regenera.cz\/author\/","identifier":1,"image":{"@type":"ImageObject","@id":"https:\/\/secure.gravatar.com\/avatar\/93f351f97d5e20a41105810347d62b8b573eebe9313df1f71432877ed17f5f1a?s=96&d=mm&r=g","url":"https:\/\/secure.gravatar.com\/avatar\/93f351f97d5e20a41105810347d62b8b573eebe9313df1f71432877ed17f5f1a?s=96&d=mm&r=g","height":96,"width":96}},"publisher":{"@type":"Organization","name":"regenera.cz","logo":{"@type":"ImageObject","@id":"\/logo.png","url":"\/logo.png","width":600,"height":60}},"image":{"@type":"ImageObject","@id":"https:\/\/www.regenera.cz\/wp-content\/uploads\/img_a347347_w2782_t1561578089.jpg","url":"https:\/\/www.regenera.cz\/wp-content\/uploads\/img_a347347_w2782_t1561578089.jpg","height":0,"width":0},"keywords":null},{"@type":"Article","@id":"https:\/\/www.regenera.cz\/pobyt-v-unikove-mistnosti-je-vyzva\/","headline":"Pobyt v \u00fanikov\u00e9 m\u00edstnosti je v\u00fdzva","url":"https:\/\/www.regenera.cz\/pobyt-v-unikove-mistnosti-je-vyzva\/","datePublished":"2018-12-24","dateModified":"2023-05-06","mainEntityOfPage":"https:\/\/www.regenera.cz\/pobyt-v-unikove-mistnosti-je-vyzva\/","author":{"@type":"Person","@id":"https:\/\/www.regenera.cz\/author\/#Person","name":"","url":"https:\/\/www.regenera.cz\/author\/","identifier":1,"image":{"@type":"ImageObject","@id":"https:\/\/secure.gravatar.com\/avatar\/93f351f97d5e20a41105810347d62b8b573eebe9313df1f71432877ed17f5f1a?s=96&d=mm&r=g","url":"https:\/\/secure.gravatar.com\/avatar\/93f351f97d5e20a41105810347d62b8b573eebe9313df1f71432877ed17f5f1a?s=96&d=mm&r=g","height":96,"width":96}},"publisher":{"@type":"Organization","name":"regenera.cz","logo":{"@type":"ImageObject","@id":"\/logo.png","url":"\/logo.png","width":600,"height":60}},"image":{"@type":"ImageObject","@id":"https:\/\/www.regenera.cz\/wp-content\/uploads\/img_a333827_w1718_t1547324412.jpg","url":"https:\/\/www.regenera.cz\/wp-content\/uploads\/img_a333827_w1718_t1547324412.jpg","height":0,"width":0},"keywords":null},{"@type":"Article","@id":"https:\/\/www.regenera.cz\/dovolena-chorvatsko-autobusem\/","headline":"Dovolen\u00e1 Chorvatsko autobusem","url":"https:\/\/www.regenera.cz\/dovolena-chorvatsko-autobusem\/","datePublished":"2017-08-16","dateModified":"2023-05-06","mainEntityOfPage":"https:\/\/www.regenera.cz\/dovolena-chorvatsko-autobusem\/","author":{"@type":"Person","@id":"https:\/\/www.regenera.cz\/author\/#Person","name":"","url":"https:\/\/www.regenera.cz\/author\/","identifier":1,"image":{"@type":"ImageObject","@id":"https:\/\/secure.gravatar.com\/avatar\/93f351f97d5e20a41105810347d62b8b573eebe9313df1f71432877ed17f5f1a?s=96&d=mm&r=g","url":"https:\/\/secure.gravatar.com\/avatar\/93f351f97d5e20a41105810347d62b8b573eebe9313df1f71432877ed17f5f1a?s=96&d=mm&r=g","height":96,"width":96}},"publisher":{"@type":"Organization","name":"regenera.cz","logo":{"@type":"ImageObject","@id":"\/logo.png","url":"\/logo.png","width":600,"height":60}},"image":{"@type":"ImageObject","@id":"https:\/\/www.regenera.cz\/wp-content\/uploads\/img_a297117_w2353_t1507789654.png","url":"https:\/\/www.regenera.cz\/wp-content\/uploads\/img_a297117_w2353_t1507789654.png","height":0,"width":0},"keywords":null}]}