[{"@context":"https:\/\/schema.org\/","@type":"Article","@id":"https:\/\/www.regenera.cz\/co-vse-obsahuje-na-pronajem-leseni-cenik\/#Article","mainEntityOfPage":"https:\/\/www.regenera.cz\/co-vse-obsahuje-na-pronajem-leseni-cenik\/","headline":"Co v\u0161e obsahuje na pron\u00e1jem le\u0161en\u00ed cen\u00edk","name":"Co v\u0161e obsahuje na pron\u00e1jem le\u0161en\u00ed cen\u00edk","description":"Pokud si chceme opravit na dom\u011b fas\u00e1du, nebo chceme sv\u016fj p\u0159\u00edbytek jen zateplit, je pravd\u011bpodobn\u00e9, \u017ee bez le\u0161en\u00ed se zkr\u00e1tka neobejdeme. Pr\u00e1v\u011b to n\u00e1m, p\u0159\u00edpadn\u011b","datePublished":"2025-02-11","dateModified":"2025-02-11","author":{"@type":"Person","@id":"https:\/\/www.regenera.cz\/author\/#Person","name":"","url":"https:\/\/www.regenera.cz\/author\/","identifier":1,"image":{"@type":"ImageObject","@id":"https:\/\/secure.gravatar.com\/avatar\/93f351f97d5e20a41105810347d62b8b573eebe9313df1f71432877ed17f5f1a?s=96&d=mm&r=g","url":"https:\/\/secure.gravatar.com\/avatar\/93f351f97d5e20a41105810347d62b8b573eebe9313df1f71432877ed17f5f1a?s=96&d=mm&r=g","height":96,"width":96}},"publisher":{"@type":"Organization","name":"regenera.cz","logo":{"@type":"ImageObject","@id":"\/logo.png","url":"\/logo.png","width":600,"height":60}},"image":{"@type":"ImageObject","@id":"https:\/\/www.regenera.cz\/wp-content\/uploads\/leseni5.jpg","url":"https:\/\/www.regenera.cz\/wp-content\/uploads\/leseni5.jpg","height":0,"width":0},"url":"https:\/\/www.regenera.cz\/co-vse-obsahuje-na-pronajem-leseni-cenik\/","about":["Podnik\u00e1n\u00ed"],"wordCount":460,"articleBody":"      Pokud si chceme opravit na dom\u011b fas\u00e1du, nebo chceme sv\u016fj p\u0159\u00edbytek jen zateplit, je pravd\u011bpodobn\u00e9, \u017ee bez le\u0161en\u00ed se zkr\u00e1tka neobejdeme. Pr\u00e1v\u011b to n\u00e1m, p\u0159\u00edpadn\u011b najat\u00fdm d\u011bln\u00edk\u016fm, umo\u017en\u00ed pr\u00e1ci na cel\u00e9 plo\u0161e domu. Jist\u011b, m\u016f\u017eeme nam\u00edtnout, \u017ee existuj\u00ed \u017eeb\u0159\u00edky, av\u0161ak kdy\u017e vezmeme v \u00favahu, o jak\u00e9 pr\u00e1ce se vlastn\u011b jedn\u00e1, je jasn\u00e9, \u017ee v naprost\u00e9 v\u011bt\u0161in\u011b p\u0159\u00edpad\u016f budou tyto nevyhovuj\u00edc\u00ed \u2013 nehled\u011b na fakt, \u017ee u n\u011bkolikapatrov\u00fdch dom\u016f jsou i ty nejv\u011bt\u0161\u00ed p\u0159\u00edli\u0161 mal\u00e9. Na druhou stranu je ov\u0161em pravda, \u017ee takov\u00e9to \u010dinnosti d\u011bl\u00e1me obvykle jen velmi z\u0159\u00eddka, v\u011bt\u0161inou jen jednou za p\u011bt \u010di deset let. Rozhodn\u011b se n\u00e1m tedy nevyplat\u00ed, abychom si jej kupovali, kdy\u017e bude po v\u011bt\u0161inu \u010dasu jen n\u011bkde neu\u017eite\u010dn\u011b le\u017eet a chytat \u0161p\u00ednu a rez. Mnohem v\u00fdhodn\u011bj\u0161\u00ed je si jej p\u016fj\u010dit \u2013 a p\u016fj\u010doven, kter\u00e9 jej nab\u00edz\u00ed, je mnoho. Podle \u010deho se tedy pro jednu z nich rozhodnout? Zdaleka nej\u010dast\u011bj\u0161\u00edm a nejv\u011bt\u0161\u00edm argumentem pro v\u00fdb\u011br b\u00fdv\u00e1 cena. A jeliko\u017e m\u00e1 ka\u017ed\u00e1 p\u016fj\u010dovna pro pron\u00e1jem le\u0161en\u00ed cen\u00edk, kter\u00fd b\u00fdv\u00e1 obvykle dostupn\u00fd na internetu, nen\u00ed t\u011b\u017ek\u00e9 mezi sebou jednotliv\u00e9 firmy porovnat. Zde je v\u0161ak nutn\u00e9 v\u011bd\u011bt, na co se konkr\u00e9tn\u011b m\u00e1me soust\u0159edit. V prvn\u00ed \u0159ad\u011b mus\u00edme v\u011bd\u011bt, \u017ee cena se bude li\u0161it podle toho, jak velk\u00e9 le\u0161en\u00ed budeme cht\u00edt. Obecn\u011b plat\u00ed, \u017ee \u010d\u00edm v\u011bt\u0161\u00ed bude, t\u00edm v\u00edce zaplat\u00edme. Tak\u00e9 to d\u00e1v\u00e1 smysl, koneckonc\u016f se jedn\u00e1 o v\u00edce materi\u00e1lu, kter\u00fd je nav\u00edc pot\u0159eba i k n\u00e1m dopravit. Je tedy vhodn\u00e9 se pod\u00edvat, kolik vlastn\u011b stoj\u00ed.D\u00e1le je to ji\u017e zm\u00edn\u011bn\u00e1 doprava. V n\u011bkter\u00fdch cen\u00edc\u00edch je uvedena jako samostatn\u00e1 polo\u017eka, jinde je sou\u010d\u00e1st\u00ed ceny le\u0161en\u00ed. Obecn\u011b plat\u00ed, \u017ee \u010d\u00edm d\u00e1le jej budeme cht\u00edt dopravit, t\u00edm bude cena vy\u0161\u0161\u00ed. P\u0159eci jen, je vy\u0161\u0161\u00ed i opot\u0159eben\u00ed auta, stejn\u011b jako spot\u0159eba pohonn\u00fdch hmot. V neposledn\u00ed \u0159ad\u011b zde m\u00e1me dobu, po kterou si le\u0161en\u00ed ponech\u00e1me. Je toti\u017e rozd\u00edl, pokud jej budeme cht\u00edt nap\u0159\u00edklad na dva dny \u010di t\u00fdden, nebo pokud jej budeme pot\u0159ebovat na dva m\u011bs\u00edce. Zvl\u00e1\u0161t\u011b p\u0159i skute\u010dn\u011b dlouhodob\u00e9m pron\u00e1jmu je pak dobr\u00e9 se zamyslet nad t\u00edm, zda se n\u00e1m p\u0159eci jen nevyplat\u00ed po\u0159\u00eddit si vlastn\u00ed.                                                                                                                                                                                                                                                                                                                                                                                          3.8\/5 - (6 votes)        "},{"@context":"https:\/\/schema.org\/","@type":"BreadcrumbList","itemListElement":[{"@type":"ListItem","position":1,"name":"Co v\u0161e obsahuje na pron\u00e1jem le\u0161en\u00ed cen\u00edk","item":"https:\/\/www.regenera.cz\/co-vse-obsahuje-na-pronajem-leseni-cenik\/#breadcrumbitem"}]}]